[{"@context":"https:\/\/schema.org\/","@type":"Article","@id":"https:\/\/www.gees.cz\/zateplujeme-v-kladne-dvougeneracni-dum\/#Article","mainEntityOfPage":"https:\/\/www.gees.cz\/zateplujeme-v-kladne-dvougeneracni-dum\/","headline":"Zateplujeme v Kladn\u011b dvougenera\u010dn\u00ed d\u016fm","name":"Zateplujeme v Kladn\u011b dvougenera\u010dn\u00ed d\u016fm","description":"Bydl\u00edte v Kladn\u011b, nap\u0159\u00edklad v dvougenera\u010dn\u00edm dom\u011b, a chyst\u00e1te se k zateplov\u00e1n\u00ed fas\u00e1dy? A cht\u011bli byste tuto pr\u00e1ci zvl\u00e1dnout sv\u00e9pomoc\u00ed? M\u00e1te-li k dispozici \u0161ikovn\u00e9 \u0159emesln\u00edky a pat\u0159i\u010dn\u00e9 znalosti \u010di zku\u0161enosti, pro\u010d ne. Nakoup\u00edte pot\u0159ebn\u00fd stavebn\u00ed materi\u00e1l, zvol\u00edte vhodn\u00e9 kotven\u00ed izola\u010dn\u00ed \u010di obkladov\u00e9 vrstvy, po\u0159\u00edd\u00edte n\u00e1\u0159ad\u00ed a pak u\u017e v\u00e1m jen zb\u00fdv\u00e1 zaj\u00edt do p\u016fj\u010dovny le\u0161en\u00ed [&hellip;]","datePublished":"2024-12-10","dateModified":"2024-12-10","author":{"@type":"Person","@id":"https:\/\/www.gees.cz\/author\/#Person","name":"","url":"https:\/\/www.gees.cz\/author\/","identifier":1,"image":{"@type":"ImageObject","@id":"https:\/\/secure.gravatar.com\/avatar\/bbaa4e9a58aac4329fe0ade0f3fb816f09f0dc43c21f6e884dccfbc124b16b29?s=96&d=mm&r=g","url":"https:\/\/secure.gravatar.com\/avatar\/bbaa4e9a58aac4329fe0ade0f3fb816f09f0dc43c21f6e884dccfbc124b16b29?s=96&d=mm&r=g","height":96,"width":96}},"publisher":{"@type":"Organization","name":"gees.cz","logo":{"@type":"ImageObject","@id":"\/logo.png","url":"\/logo.png","width":600,"height":60}},"image":{"@type":"ImageObject","@id":"https:\/\/www.gees.cz\/wp-content\/uploads\/framework-1379633_640_10.jpg","url":"https:\/\/www.gees.cz\/wp-content\/uploads\/framework-1379633_640_10.jpg","height":0,"width":0},"url":"https:\/\/www.gees.cz\/zateplujeme-v-kladne-dvougeneracni-dum\/","about":["V\u00fdrobky"],"wordCount":434,"articleBody":"       Bydl\u00edte v Kladn\u011b, nap\u0159\u00edklad v dvougenera\u010dn\u00edm dom\u011b, a chyst\u00e1te se k zateplov\u00e1n\u00ed fas\u00e1dy? A cht\u011bli byste tuto pr\u00e1ci zvl\u00e1dnout sv\u00e9pomoc\u00ed? M\u00e1te-li k dispozici \u0161ikovn\u00e9 \u0159emesln\u00edky a pat\u0159i\u010dn\u00e9 znalosti \u010di zku\u0161enosti, pro\u010d ne. Nakoup\u00edte pot\u0159ebn\u00fd stavebn\u00ed materi\u00e1l, zvol\u00edte vhodn\u00e9 kotven\u00ed izola\u010dn\u00ed \u010di obkladov\u00e9 vrstvy, po\u0159\u00edd\u00edte n\u00e1\u0159ad\u00ed a pak u\u017e v\u00e1m jen zb\u00fdv\u00e1 zaj\u00edt do p\u016fj\u010dovny le\u0161en\u00ed v Kladn\u011b https:\/\/rabasleseni.cz\/regionalni-pusobnost\/pujcovna-leseni-kladno\/. Le\u0161en\u00ed je kovov\u00e1 konstrukce, kterou si jako stavebnici m\u016f\u017eete postavit sami, anebo t\u00edm pov\u011b\u0159\u00edte profesion\u00e1ly, tedy firmu, co le\u0161en\u00ed pronaj\u00edm\u00e1. V\u00fdstavba le\u0161en\u00ed sv\u00e9pomoc\u00ed se za ur\u010dit\u00fdch p\u0159edpoklad\u016f d\u00e1 zvl\u00e1dnout, ov\u0161em jsou tu jist\u00e1 \u00faskal\u00ed, s nimi\u017e se nezku\u0161en\u00fd amat\u00e9r m\u016f\u017ee konfrontovat a\u017e nam\u00edst\u011b, co\u017e u\u017e b\u00fdv\u00e1 pozd\u011b. R\u00e1di bychom v\u00e1s upozornili na to, pro\u010d je v\u00fdhodn\u00e9 nechat si le\u0161en\u00ed postavit na kl\u00ed\u010d.Z\u0159\u00edcen\u00ed konstrukce nen\u00ed n\u00e1hoda \u2013 domn\u00edv\u00e1te se, \u017ee le\u0161en\u00ed je samo o sob\u011b tak t\u011b\u017ek\u00e9 a stabiln\u00ed, \u017ee dr\u017e\u00ed na sv\u00e9m m\u00edst\u011b a nem\u016f\u017ee spadnout? Pak se m\u00fdl\u00edte, na Internetu je dostupn\u00e9 video z re\u00e1ln\u00e9 praxe, kde se le\u0161en\u00ed opravdu z\u0159\u00edtilo. Stalo se to v Praze 4, v Otakarov\u011b ulici, tehdy na\u0161t\u011bst\u00ed nebyl nikdo zran\u011bn ani usmrcen, proto\u017ee n\u011bkdo proz\u00edrav\u00fd upozornil policii a ta v\u010das oblast uzav\u0159ela. Kdyby se to ale stalo tak, \u017ee tudy bude proj\u00ed\u017ed\u011bt mnoho vozidel a pod le\u0161en\u00edm se budou zdr\u017eovat chodci, mohla by to b\u00fdt hotov\u00e1 trag\u00e9die. Ke z\u0159\u00edcen\u00ed le\u0161en\u00ed m\u016f\u017ee doj\u00edt tehdy, nen\u00ed-li ukotven\u00e9 do domovn\u00edho zdiva, anebo je kotven\u00ed chatrn\u00e9.P\u00e1dy z le\u0161en\u00ed \u2013 k p\u00e1d\u016fm osob z le\u0161en\u00ed bohu\u017eel doch\u00e1z\u00ed docela \u010dasto a m\u00edv\u00e1 to smrteln\u00e9 n\u00e1sledky. P\u00e1d z le\u0161en\u00ed je mo\u017en\u00fd i p\u0159i jeho v\u00fdstavb\u011b, nap\u0159\u00edklad ve f\u00e1zi, kdy vkl\u00e1d\u00e1te do pop\u0159ed\u00ed ochrann\u00e9 z\u00e1bradl\u00ed. Mont\u00e1\u017e le\u0161en\u00ed je proces, kter\u00fd vy\u017eaduje ur\u010dit\u00e1 pravidla, dodr\u017eov\u00e1n\u00ed bezpe\u010dnosti pr\u00e1ce a tak\u00e9 spr\u00e1vn\u00fd pracovn\u00ed postup, je\u017e t\u0159eba amat\u00e9\u0159i v\u016fbec nedodr\u017e\u00ed a dopust\u00ed se p\u0159i tom \u0159ady chyb. Toto je dal\u0161\u00ed d\u016fvod k tomu alespo\u0148 uva\u017eovat nad t\u00edm, zda si le\u0161en\u00ed nechat postavit na kl\u00ed\u010d.                                                                                                                                                                                                                                                                                                                                                                                                  "},{"@context":"https:\/\/schema.org\/","@type":"BreadcrumbList","itemListElement":[{"@type":"ListItem","position":1,"name":"Zateplujeme v Kladn\u011b dvougenera\u010dn\u00ed d\u016fm","item":"https:\/\/www.gees.cz\/zateplujeme-v-kladne-dvougeneracni-dum\/#breadcrumbitem"}]}]