[{"@context":"https:\/\/schema.org\/","@type":"Article","@id":"https:\/\/www.gees.cz\/proc-v-soucasne-dobe-vazne-zasobovani-lekaren\/#Article","mainEntityOfPage":"https:\/\/www.gees.cz\/proc-v-soucasne-dobe-vazne-zasobovani-lekaren\/","headline":"Pro\u010d v sou\u010dasn\u00e9 dob\u011b v\u00e1zne z\u00e1sobov\u00e1n\u00ed l\u00e9k\u00e1ren","name":"Pro\u010d v sou\u010dasn\u00e9 dob\u011b v\u00e1zne z\u00e1sobov\u00e1n\u00ed l\u00e9k\u00e1ren","description":"Ka\u017ed\u00fd z n\u00e1s n\u011bkdy nav\u0161t\u00edv\u00ed l\u00e9k\u00e1rnu. Mnoz\u00ed z n\u00e1s dokonce pravideln\u011b, nebo\u0165 pot\u0159ebujeme sv\u00e9 l\u00e9ky, kter\u00e9 bereme dlouhodob\u011b. V posledn\u00edch m\u011bs\u00edc\u00edch jsme si v\u0161ak mohli v\u0161imnout toho, \u017ee n\u011bkter\u00fdch z nich je nedostatek. A to nejen t\u011bch m\u00e9n\u011b prod\u00e1van\u00fdch, n\u00fdbr\u017e i t\u011bch z\u00e1kladn\u00edch. To samoz\u0159ejm\u011b p\u016fsob\u00ed lidem, kte\u0159\u00ed je pot\u0159ebuj\u00ed, probl\u00e9my. Zde v\u0161ak nen\u00ed p\u0159\u00edli\u0161 [&hellip;]","datePublished":"2022-08-14","dateModified":"2023-06-14","author":{"@type":"Person","@id":"https:\/\/www.gees.cz\/author\/#Person","name":"","url":"https:\/\/www.gees.cz\/author\/","identifier":1,"image":{"@type":"ImageObject","@id":"https:\/\/secure.gravatar.com\/avatar\/bbaa4e9a58aac4329fe0ade0f3fb816f09f0dc43c21f6e884dccfbc124b16b29?s=96&d=mm&r=g","url":"https:\/\/secure.gravatar.com\/avatar\/bbaa4e9a58aac4329fe0ade0f3fb816f09f0dc43c21f6e884dccfbc124b16b29?s=96&d=mm&r=g","height":96,"width":96}},"publisher":{"@type":"Organization","name":"gees.cz","logo":{"@type":"ImageObject","@id":"\/logo.png","url":"\/logo.png","width":600,"height":60}},"image":{"@type":"ImageObject","@id":"https:\/\/www.gees.cz\/wp-content\/uploads\/lekarna1_8.jpg","url":"https:\/\/www.gees.cz\/wp-content\/uploads\/lekarna1_8.jpg","height":0,"width":0},"url":"https:\/\/www.gees.cz\/proc-v-soucasne-dobe-vazne-zasobovani-lekaren\/","about":["Podnik\u00e1n\u00ed"],"wordCount":438,"articleBody":"   Ka\u017ed\u00fd z n\u00e1s n\u011bkdy nav\u0161t\u00edv\u00ed l\u00e9k\u00e1rnu. Mnoz\u00ed z n\u00e1s dokonce pravideln\u011b, nebo\u0165 pot\u0159ebujeme sv\u00e9 l\u00e9ky, kter\u00e9 bereme dlouhodob\u011b. V posledn\u00edch m\u011bs\u00edc\u00edch jsme si v\u0161ak mohli v\u0161imnout toho, \u017ee n\u011bkter\u00fdch z nich je nedostatek. A to nejen t\u011bch m\u00e9n\u011b prod\u00e1van\u00fdch, n\u00fdbr\u017e i t\u011bch z\u00e1kladn\u00edch.To samoz\u0159ejm\u011b p\u016fsob\u00ed lidem, kte\u0159\u00ed je pot\u0159ebuj\u00ed, probl\u00e9my. Zde v\u0161ak nen\u00ed p\u0159\u00edli\u0161 na m\u00edst\u011b nad\u00e1vat na konkr\u00e9tn\u00ed l\u00e9k\u00e1rnu. Ta za v\u00fdpadek u dodavatele skute\u010dn\u011b nem\u016f\u017ee. Je nutn\u00e9 se pod\u00edvat po p\u0159\u00ed\u010din\u011b tohoto stavu. A ten m\u00e1 co d\u011blat se sou\u010dasnou politickou a ekonomickou situac\u00ed.Nen\u00ed to v\u0161ak o tom, \u017ee by se ony prepar\u00e1ty pos\u00edlaly do zahrani\u010d\u00ed. D\u016fvod je mnohem prozai\u010dt\u011bj\u0161\u00ed a tak\u00e9 mnohem m\u00e9n\u011b p\u0159\u00edjemn\u00fd. Jen m\u00e1lokdo jej bude cht\u00edt sly\u0161et, av\u0161ak je nesporn\u00fdm faktem, \u017ee se tak d\u011bje. Sou\u010dasn\u00e9 v\u00fdpadky v z\u00e1sobov\u00e1n\u00ed l\u00e9k\u00e1ren https:\/\/tlcargo.cz\/services\/ jsou paradoxn\u011b zp\u016fsobeny zastropov\u00e1n\u00edm jejich ceny. Jak je to mo\u017en\u00e9?Jednodu\u0161e \u0159e\u010deno, t\u00edm, \u017ee byla stanovena maxim\u00e1ln\u00ed cena, nemohou firmy prod\u00e1vat sv\u00e9 zbo\u017e\u00ed dr\u00e1\u017e. To znamen\u00e1, \u017ee se jim sn\u00ed\u017eil zisk. A to znamen\u00e1, \u017ee se jim dan\u00fd p\u0159\u00edpravek zkr\u00e1tka ji\u017e nevyplat\u00ed vyr\u00e1b\u011bt \u2013 koneckonc\u016f, pro\u010d by m\u011bli prod\u00e1vat se ztr\u00e1tou, \u017ee?N\u00e1sledkem pak je, \u017ee onen l\u00e9k sice nen\u00ed tak drah\u00fd, jak by jinak byl, av\u0161ak z\u00e1rove\u0148 nen\u00ed k sehn\u00e1n\u00ed, pokud n\u011bkde je\u0161t\u011b nejsou star\u00e9 z\u00e1soby. A jak t\u011bch bude ub\u00fdvat, situace se bude nad\u00e1le zhor\u0161ovat. Jak z toho tedy ven?Jednoduch\u00e9 \u0159e\u0161en\u00ed zde nen\u00ed. Bu\u010f m\u016f\u017eeme v\u0161e nechat tak, jak je, nebo zru\u0161it zastropov\u00e1n\u00ed cen. V tom p\u0159\u00edpad\u011b v\u0161ak tyto prudce vylet\u00ed nahoru prakticky u v\u0161ech l\u00e9k\u016f, co\u017e znamen\u00e1, \u017ee zvl\u00e1\u0161t\u011b chud\u0161\u00ed lid\u00e9 budou m\u00edt probl\u00e9m si je koupit.Ani jedna z v\u00fd\u0161e popsan\u00fdch situac\u00edch nen\u00ed nijak r\u016f\u017eov\u00e1, a ob\u011b mohou potenci\u00e1ln\u011b v\u00e9st a\u017e ke smrti lid\u00ed. Zat\u00edm to v\u0161ak vypad\u00e1, \u017ee z tohoto hlediska je zastropov\u00e1n\u00ed cen t\u00edm men\u0161\u00edm ze dvou zel, a\u0165 u\u017e se n\u00e1m to l\u00edb\u00ed nebo ne. A z\u0159ejm\u011b tomu tak bude i nad\u00e1le, dokud se nesn\u00ed\u017e\u00ed ceny energi\u00ed a plynu.                                                                                                                                                                                                                                                                                                                                                                                                  "},{"@context":"https:\/\/schema.org\/","@type":"BreadcrumbList","itemListElement":[{"@type":"ListItem","position":1,"name":"Pro\u010d v sou\u010dasn\u00e9 dob\u011b v\u00e1zne z\u00e1sobov\u00e1n\u00ed l\u00e9k\u00e1ren","item":"https:\/\/www.gees.cz\/proc-v-soucasne-dobe-vazne-zasobovani-lekaren\/#breadcrumbitem"}]}]