[{"@context":"https:\/\/schema.org\/","@type":"Article","@id":"https:\/\/www.gees.cz\/prakticky-vesak\/#Article","mainEntityOfPage":"https:\/\/www.gees.cz\/prakticky-vesak\/","headline":"Praktick\u00fd v\u011b\u0161\u00e1k","name":"Praktick\u00fd v\u011b\u0161\u00e1k","description":"Je samoz\u0159ejm\u00e9, \u017ee ka\u017ed\u00fd \u010dlov\u011bk to chce m\u00edt doma kr\u00e1sn\u00e9 a tak\u00e9 uspo\u0159\u00e1dan\u00e9. Proto nen\u00ed v\u00fdjimkou, \u017ee si lid\u00e9 kupuj\u00ed t\u0159eba do sv\u00fdch sk\u0159\u00edni speci\u00e1ln\u00ed v\u011b\u0161\u00e1ky. Existuje speci\u00e1ln\u00ed v\u011b\u0161\u00e1k na kravaty anebo na podprsenky. Ano, na podprsenky je taky ur\u010den\u00fd v\u011b\u0161\u00e1k. J\u00e1 sama jsem toti\u017e t\u011bchto vyu\u017e\u00edvala, proto\u017ee jsem se zamilovala do podprsenek, kter\u00e9 taky [&hellip;]","datePublished":"2022-08-21","dateModified":"2023-06-14","author":{"@type":"Person","@id":"https:\/\/www.gees.cz\/author\/#Person","name":"","url":"https:\/\/www.gees.cz\/author\/","identifier":1,"image":{"@type":"ImageObject","@id":"https:\/\/secure.gravatar.com\/avatar\/bbaa4e9a58aac4329fe0ade0f3fb816f09f0dc43c21f6e884dccfbc124b16b29?s=96&d=mm&r=g","url":"https:\/\/secure.gravatar.com\/avatar\/bbaa4e9a58aac4329fe0ade0f3fb816f09f0dc43c21f6e884dccfbc124b16b29?s=96&d=mm&r=g","height":96,"width":96}},"publisher":{"@type":"Organization","name":"gees.cz","logo":{"@type":"ImageObject","@id":"\/logo.png","url":"\/logo.png","width":600,"height":60}},"image":{"@type":"ImageObject","@id":"https:\/\/www.gees.cz\/wp-content\/uploads\/fashion-7047682_960_720.jpg","url":"https:\/\/www.gees.cz\/wp-content\/uploads\/fashion-7047682_960_720.jpg","height":0,"width":0},"url":"https:\/\/www.gees.cz\/prakticky-vesak\/","about":["V\u00fdrobky"],"wordCount":452,"articleBody":"         Je samoz\u0159ejm\u00e9, \u017ee ka\u017ed\u00fd \u010dlov\u011bk to chce m\u00edt doma kr\u00e1sn\u00e9 a tak\u00e9 uspo\u0159\u00e1dan\u00e9. Proto nen\u00ed v\u00fdjimkou, \u017ee si lid\u00e9 kupuj\u00ed t\u0159eba do sv\u00fdch sk\u0159\u00edni speci\u00e1ln\u00ed v\u011b\u0161\u00e1ky. Existuje speci\u00e1ln\u00ed v\u011b\u0161\u00e1k na kravaty anebo na podprsenky. Ano, na podprsenky je taky ur\u010den\u00fd v\u011b\u0161\u00e1k. J\u00e1 sama jsem toti\u017e t\u011bchto vyu\u017e\u00edvala, proto\u017ee jsem se zamilovala do podprsenek, kter\u00e9 taky m\u00e1m na speci\u00e1ln\u00edm v\u011b\u0161\u00e1ku. Jsou prost\u011b lid\u00e9, kte\u0159\u00ed jsou na kr\u00e1sn\u00e9 spodn\u00ed pr\u00e1dlo. A to jsem t\u0159eba j\u00e1. Nicm\u00e9n\u011b ale tak\u00e9 existuj\u00ed r\u016fzn\u00e9 v\u011b\u0161\u00e1ky, jako nap\u0159\u00edklad na kalhoty. V\u011b\u0161\u00e1ky na kalhoty jsou takov\u00e9, \u017ee se na jeden v\u011b\u0161\u00e1k m\u016f\u017eete um\u00edstit t\u0159eba troje kalhoty. A to v\u00e1m samoz\u0159ejm\u011b u\u0161et\u0159\u00ed m\u00edsto.J\u00e1 jsem si tento v\u011b\u0161\u00e1k na kalhoty taky po\u0159\u00eddila. Proto\u017ee m\u00e1m opravdu mnoho oble\u010den\u00ed, malou sk\u0159\u00ed\u0148 a u\u017e oble\u010den\u00ed opravdu nem\u00e1m kam d\u00e1vat. Tak jsem si \u0159ekla, \u017ee s t\u00edm mus\u00edm n\u011bco d\u011blat. A proto\u017ee m\u00e1m v byt\u011b opravdu m\u00e1lo m\u00edsta, tak jsem si \u0159ekla, \u017ee asi nov\u00e1 sk\u0159\u00ed\u0148 by nebyla to prav\u00e9 o\u0159echov\u00e9. Zase by se mi ubral prostor v ob\u00fdv\u00e1ku. Proto\u017ee j\u00e1 hodn\u011b r\u00e1da cvi\u010d\u00edm, tak jsem si po\u0159\u00eddila taky dom\u016f rotoped. A mysl\u00edm si, \u017ee u\u017e dal\u0161\u00ed sk\u0159\u00ed\u0148 na oble\u010den\u00ed by se mi dom\u016f neve\u0161la. Tedy sice ve\u0161la, ale u\u017e bych se tam asi nehnula. Tak\u017ee pokud taky chcete si zv\u011bt\u0161it t\u0159eba m\u00edsto doma, tak v\u00e1m doporu\u010duji po\u0159\u00eddit si r\u016fzn\u00e9 speci\u00e1ln\u00ed v\u011b\u0161\u00e1ky.A to nejenom speci\u00e1ln\u00ed v\u011b\u0161\u00e1k na podprsenky anebo na p\u00e1sky, ale taky speci\u00e1ln\u00ed v\u011b\u0161\u00e1ky na kalhoty Sten-skrine. A na chodb\u011b m\u00e1m taky sv\u016fj v\u011b\u0161\u00e1k, kter\u00fd je na \u0161\u00e1tky a \u010depice. Je to takov\u00fd podlouhl\u00fd v\u011b\u0161\u00e1k, na kter\u00e9m jsou o\u010dka, kam se d\u00e1vaj\u00ed \u0161\u00e1tky. M\u00e1 tam taky \u010dty\u0159i h\u00e1\u010dky, kam se zase d\u00e1vaj\u00ed \u010depice. Mysl\u00edm si, \u017ee je to docela dobr\u00fd vyn\u00e1lez, kter\u00fd \u0161et\u0159\u00ed m\u00edsto a taky nervy, proto\u017ee se nemus\u00edte nervovat, kam v\u0161echno oble\u010den\u00ed d\u00e1te. A jak to s prostorem doma m\u00e1te vy? M\u011b je\u0161t\u011b vad\u00ed, \u017ee m\u00e1m hodn\u011b \u00fazk\u00e9 m\u00edstnosti a proto uva\u017euji, \u017ee se asi budu muset p\u0159est\u011bhovat. U\u017e m\u011b nebac\u00ed se st\u00e1le omezovat mal\u00fdm prostorem, kter\u00fd je velmi nepraktick\u00fd s t\u00edm, \u017ee si nemohu po\u0159\u00eddit r\u016fzn\u00e9 v\u011bci.                                                                                                                                                                                                                                                                                                                                                                                                  "},{"@context":"https:\/\/schema.org\/","@type":"BreadcrumbList","itemListElement":[{"@type":"ListItem","position":1,"name":"Praktick\u00fd v\u011b\u0161\u00e1k","item":"https:\/\/www.gees.cz\/prakticky-vesak\/#breadcrumbitem"}]}]