[{"@context":"https:\/\/schema.org\/","@type":"Article","@id":"https:\/\/www.gees.cz\/jsou-elektricke-automobily-skutecne-tak-spatne\/#Article","mainEntityOfPage":"https:\/\/www.gees.cz\/jsou-elektricke-automobily-skutecne-tak-spatne\/","headline":"Jsou elektrick\u00e9 automobily skute\u010dn\u011b tak \u0161patn\u00e9?","name":"Jsou elektrick\u00e9 automobily skute\u010dn\u011b tak \u0161patn\u00e9?","description":"V\u00a0posledn\u00edch n\u011bkolika letech se st\u00e1le v\u00edce mluv\u00ed o prakticky nucen\u00e9m p\u0159echodu na elektrick\u00e9 automobily. Z\u00a0pohledu ekologie to d\u00e1v\u00e1 smysl \u2013 auta pat\u0159\u00ed ji\u017e dlouhou dobu k\u00a0jedn\u011bm z\u00a0hlavn\u00edch a nejd\u016fle\u017eit\u011bj\u0161\u00edch zne\u010di\u0161\u0165ovatel\u016f a tv\u016frc\u016f lok\u00e1ln\u00edho zne\u010di\u0161t\u011bn\u00ed ovzdu\u0161\u00ed. Je tedy pochopiteln\u00e9, \u017ee je vzhledem k\u00a0jejich neust\u00e1le stoupaj\u00edc\u00edmu po\u010dtu nutn\u00e9 s\u00a0t\u00edm n\u011bco d\u011blat. Mus\u00edme si v\u0161ak p\u0159iznat, \u017ee tato [&hellip;]","datePublished":"2024-03-27","dateModified":"2024-03-27","author":{"@type":"Person","@id":"https:\/\/www.gees.cz\/author\/#Person","name":"","url":"https:\/\/www.gees.cz\/author\/","identifier":1,"image":{"@type":"ImageObject","@id":"https:\/\/secure.gravatar.com\/avatar\/bbaa4e9a58aac4329fe0ade0f3fb816f09f0dc43c21f6e884dccfbc124b16b29?s=96&d=mm&r=g","url":"https:\/\/secure.gravatar.com\/avatar\/bbaa4e9a58aac4329fe0ade0f3fb816f09f0dc43c21f6e884dccfbc124b16b29?s=96&d=mm&r=g","height":96,"width":96}},"publisher":{"@type":"Organization","name":"gees.cz","logo":{"@type":"ImageObject","@id":"\/logo.png","url":"\/logo.png","width":600,"height":60}},"image":{"@type":"ImageObject","@id":"https:\/\/www.gees.cz\/wp-content\/uploads\/auto1_10_10_10_10_10_10_10_10_3.jpg","url":"https:\/\/www.gees.cz\/wp-content\/uploads\/auto1_10_10_10_10_10_10_10_10_3.jpg","height":0,"width":0},"url":"https:\/\/www.gees.cz\/jsou-elektricke-automobily-skutecne-tak-spatne\/","about":["Moto"],"wordCount":423,"articleBody":"V\u00a0posledn\u00edch n\u011bkolika letech se st\u00e1le v\u00edce mluv\u00ed o prakticky nucen\u00e9m p\u0159echodu na elektrick\u00e9 automobily. Z\u00a0pohledu ekologie to d\u00e1v\u00e1 smysl \u2013 auta pat\u0159\u00ed ji\u017e dlouhou dobu k\u00a0jedn\u011bm z\u00a0hlavn\u00edch a nejd\u016fle\u017eit\u011bj\u0161\u00edch zne\u010di\u0161\u0165ovatel\u016f a tv\u016frc\u016f lok\u00e1ln\u00edho zne\u010di\u0161t\u011bn\u00ed ovzdu\u0161\u00ed. Je tedy pochopiteln\u00e9, \u017ee je vzhledem k\u00a0jejich neust\u00e1le stoupaj\u00edc\u00edmu po\u010dtu nutn\u00e9 s\u00a0t\u00edm n\u011bco d\u011blat. Mus\u00edme si v\u0161ak p\u0159iznat, \u017ee tato snaha se u velk\u00e9 \u010d\u00e1sti populace setk\u00e1v\u00e1 s\u00a0odporem.\u00a0Minim\u00e1ln\u011b v\u00a0na\u0161ich kon\u010din\u00e1ch maj\u00ed elektromobily pom\u011brn\u011b nevalnou pov\u011bst, a to z\u00a0mnoha nejr\u016fzn\u011bj\u0161\u00edch d\u016fvod\u016f. Kdy\u017e se na to v\u0161ak pod\u00edv\u00e1me, v\u017edy se v\u00a0podstat\u011b dostaneme zp\u011bt k\u00a0n\u011bkolika hlavn\u00edm bod\u016fm, kter\u00e9 \u0159idi\u010d\u016fm vad\u00ed. Nen\u00ed tedy na \u0161kodu se na n\u011b pod\u00edvat podrobn\u011bji.\u00a0\u00a0T\u00edm hlavn\u00edm je bezesporu bezpe\u010dnost. Po\u017e\u00e1ry elektrick\u00fdch automobil\u016f jsou toti\u017e zna\u010dn\u011b medializovan\u00e9, tak\u017ee se vytv\u00e1\u0159\u00ed p\u0159edstava, \u017ee ho\u0159\u00ed \u010dast\u011bji ne\u017e klasick\u00e1 auta se spalovac\u00edm motorem. To v\u0161ak podle statistik nen\u00ed pravda. Riziko vzniku po\u017e\u00e1ru je u obou typ\u016f prakticky stejn\u00e9. Co je v\u0161ak rozd\u00edln\u00e9, je zp\u016fsob ho\u0159en\u00ed. Zat\u00edmco klasick\u00fd v\u016fz lze relativn\u011b snadno uhasit, u toho elektrick\u00e9ho to tak dob\u0159e nejde. \u0160kody jsou zde tedy podstatn\u011b v\u011bt\u0161\u00ed, o nebezpe\u010d\u00ed pro \u0159idi\u010de i okol\u00ed ani nemluv\u011b.\u00a0\u00a0D\u00e1le zde m\u00e1me ot\u00e1zku dojezdu. Ta je samoz\u0159ejm\u011b u elektrick\u00e9ho auta men\u0161\u00ed, nehled\u011b na fakt, \u017ee s\u00ed\u0165 dob\u00edjec\u00edch stanic nen\u00ed ani zdaleka tak velk\u00e1, jak by mohla b\u00fdt. Zde je v\u0161ak ot\u00e1zkou, zda v\u011bt\u0161ina z\u00a0n\u00e1s skute\u010dn\u011b klasick\u00fd dojezd vyu\u017eije. Valn\u00e1 v\u011bt\u0161ina z\u00a0n\u00e1s toti\u017e sv\u016fj v\u016fz pou\u017e\u00edv\u00e1 pouze k\u00a0popoj\u00ed\u017ed\u011bn\u00ed mezi prac\u00ed, n\u00e1kupem a domovem, co\u017e elektroauto bez probl\u00e9mu zvl\u00e1dne.\u00a0Pak je tu jeho spolehlivost, p\u0159edev\u0161\u00edm pak v\u00a0zimn\u00edch m\u011bs\u00edc\u00edch. Zde je ov\u0161em t\u0159eba \u0159\u00edci, \u017ee ta nen\u00ed nijak skv\u011bl\u00e1 ani u vozidel se spalovac\u00edm motorem \u2013 kolikr\u00e1t jsme ji\u017e museli zamrzl\u00e9 auto na\u017ehavovat, ne\u017e kone\u010dn\u011b nastartovalo? Jist\u011b, elektromobil se nehod\u00ed pro ka\u017ed\u00e9ho, av\u0161ak pro b\u011b\u017en\u00e9ho \u0159idi\u010de jsou dne\u0161n\u00ed modely pom\u011brn\u011b dosta\u010duj\u00edc\u00ed.                                                                                                                                                                                                                                                                                                                                                                                                "},{"@context":"https:\/\/schema.org\/","@type":"BreadcrumbList","itemListElement":[{"@type":"ListItem","position":1,"name":"Jsou elektrick\u00e9 automobily skute\u010dn\u011b tak \u0161patn\u00e9?","item":"https:\/\/www.gees.cz\/jsou-elektricke-automobily-skutecne-tak-spatne\/#breadcrumbitem"}]}]