[{"@context":"https:\/\/schema.org\/","@type":"Article","@id":"https:\/\/www.gees.cz\/i-muzi-by-meli-pecovat-o-svou-plet-co-vsechno-by-takova-pece-mela-zahrnovat\/#Article","mainEntityOfPage":"https:\/\/www.gees.cz\/i-muzi-by-meli-pecovat-o-svou-plet-co-vsechno-by-takova-pece-mela-zahrnovat\/","headline":"I mu\u017ei by m\u011bli pe\u010dovat o svou ple\u0165 &#8211; Co v\u0161echno by takov\u00e1 p\u00e9\u010de m\u011bla zahrnovat?","name":"I mu\u017ei by m\u011bli pe\u010dovat o svou ple\u0165 &#8211; Co v\u0161echno by takov\u00e1 p\u00e9\u010de m\u011bla zahrnovat?","description":"I kdy\u017e je p\u00e9\u010de o ple\u0165 zejm\u00e9na dom\u00e9nou \u017een, ani mu\u017ei by na ni nem\u011bli zapom\u00ednat. Jak pe\u010dovat o poko\u017eku nejen po holen\u00ed ale ka\u017ed\u00fd den? Na co nezapom\u00ednat?\u00a0 I mu\u017ei by m\u011bli pe\u010dovat o svou ple\u0165 &#8211; Co v\u0161echno by takov\u00e1 p\u00e9\u010de m\u011bla zahrnovat?\u00a0 Mu\u017ei zcela jist\u011b nebudou m\u00edt nikdy takovou z\u00e1sobu kosmetick\u00fdch produkt\u016f [&hellip;]","datePublished":"2022-04-09","dateModified":"2023-06-14","author":{"@type":"Person","@id":"https:\/\/www.gees.cz\/author\/#Person","name":"","url":"https:\/\/www.gees.cz\/author\/","identifier":1,"image":{"@type":"ImageObject","@id":"https:\/\/secure.gravatar.com\/avatar\/bbaa4e9a58aac4329fe0ade0f3fb816f09f0dc43c21f6e884dccfbc124b16b29?s=96&d=mm&r=g","url":"https:\/\/secure.gravatar.com\/avatar\/bbaa4e9a58aac4329fe0ade0f3fb816f09f0dc43c21f6e884dccfbc124b16b29?s=96&d=mm&r=g","height":96,"width":96}},"publisher":{"@type":"Organization","name":"gees.cz","logo":{"@type":"ImageObject","@id":"\/logo.png","url":"\/logo.png","width":600,"height":60}},"image":{"@type":"ImageObject","@id":"https:\/\/www.gees.cz\/wp-content\/uploads\/man-2178721__340.jpg","url":"https:\/\/www.gees.cz\/wp-content\/uploads\/man-2178721__340.jpg","height":0,"width":0},"url":"https:\/\/www.gees.cz\/i-muzi-by-meli-pecovat-o-svou-plet-co-vsechno-by-takova-pece-mela-zahrnovat\/","about":["Mu\u017ei"],"wordCount":511,"articleBody":"I kdy\u017e je p\u00e9\u010de o ple\u0165 zejm\u00e9na dom\u00e9nou \u017een, ani mu\u017ei by na ni nem\u011bli zapom\u00ednat. Jak pe\u010dovat o poko\u017eku nejen po holen\u00ed ale ka\u017ed\u00fd den? Na co nezapom\u00ednat?\u00a0I mu\u017ei by m\u011bli pe\u010dovat o svou ple\u0165 &#8211; Co v\u0161echno by takov\u00e1 p\u00e9\u010de m\u011bla zahrnovat?\u00a0Mu\u017ei zcela jist\u011b nebudou m\u00edt nikdy takovou z\u00e1sobu kosmetick\u00fdch produkt\u016f jako \u017eeny. Ano, u mu\u017e\u016f nen\u00ed p\u00e9\u010de o ple\u0165 ka\u017edodenn\u00ed rutinou a n\u011bkte\u0159\u00ed se vlastn\u011b o svou ple\u0165 nestaraj\u00ed v\u016fbec. To ale nen\u00ed zcela spr\u00e1vn\u00e9. Vlastn\u011b i pou\u017e\u00edv\u00e1n\u00ed kosmetick\u00fdch p\u0159\u00edpravk\u016f po holen\u00ed je p\u00e9\u010d\u00ed o ple\u0165. Jen\u017ee i mu\u017ei by m\u011bli db\u00e1t nap\u0159\u00edklad na \u010di\u0161t\u011bn\u00ed pleti. A v\u00edte, pro\u010d? Jejich ple\u0165 je velmi \u010dasto v\u00edce nam\u00e1h\u00e1na, ne\u017e ta \u017eensk\u00e1. Z\u00e1vis\u00ed to t\u0159eba i na tom, kde mu\u017e pracuje, zda pracuje v prachu nebo se v\u00edce pot\u00ed. A na co si tedy d\u00e1t pozor a jak by takov\u00e1 p\u00e9\u010de m\u011bla spr\u00e1vn\u011b vypadat?\u00a0Pro\u010d se mu\u017ei maj\u00ed starat o ple\u0165?\u00a0\u0158ad\u011b mu\u017e\u016f to p\u0159ijde p\u0159\u00edli\u0161 \u017eensk\u00e9, mo\u017en\u00e1 i zbyte\u010dn\u00e9 nebo na to nemaj\u00ed \u010das. Ov\u0161em ka\u017edodenn\u00ed \u010di\u0161t\u011bn\u00ed pleti pom\u00e1h\u00e1 ple\u0165 udr\u017eovat kr\u00e1snou, zdravou a zabra\u0148uje vysu\u0161ov\u00e1n\u00ed nebo naopak nadm\u011brn\u00e9mu ma\u0161t\u011bn\u00ed. Ur\u010dit\u011b by si ale mu\u017ei nem\u011bli n\u011bjak\u00e9 kosmetick\u00e9 p\u0159\u00edpravky doma jen p\u016fj\u010dovat od partnerek, je nutn\u00e9 vyb\u00edrat jen takov\u00e9 p\u0159\u00edpravky, kter\u00e9 jsou ur\u010deny i pro mu\u017ee. Po vy\u010di\u0161t\u011bn\u00ed pleti by m\u011blo na \u0159adu p\u0159ij\u00edt d\u016fkladn\u00e9 kr\u00e9mov\u00e1n\u00ed, samoz\u0159ejm\u011b, \u017ee takov\u00e1 p\u00e9\u010de by m\u011bla prob\u00edhat v\u017edy r\u00e1no a zase ve\u010der. Je mo\u017en\u00e9 s\u00e1hnout i po univers\u00e1ln\u00edch kr\u00e9mech, jen\u017ee by to mo\u017en\u00e1 byla i \u0161koda, kdy\u017e vezmeme v potaz, jak\u00fd v\u00fdb\u011br dnes na trhu je a to i s mu\u017eskou kosmetikou.\u00a0P\u00e9\u010de po holen\u00ed i b\u011bhem n\u011bj\u00a0Velk\u00fdm t\u00e9matem je i holen\u00ed. Mu\u017ei se hol\u00ed a n\u011bkte\u0159\u00ed hodn\u011b \u010dasto, v tomto p\u0159\u00edpad\u011b je nezbytn\u011b nutn\u00e9 db\u00e1t na spr\u00e1vnou p\u00e9\u010di. P\u0159\u00edpravky na holen\u00ed ale i ty, kter\u00e9 se pou\u017e\u00edvaj\u00ed a\u017e po holen\u00ed, je nutn\u00e9 vyb\u00edrat p\u0159esn\u011b podle typu pleti. \u010c\u00edm \u0161etrn\u011bj\u0161\u00ed holen\u00ed bude a \u010d\u00edm v\u011bt\u0161\u00ed bude i n\u00e1sledn\u00e1 p\u00e9\u010de po holen\u00ed, t\u00edm l\u00e9pe. V tom p\u0159\u00edpad\u011b se nemus\u00edte ob\u00e1vat podr\u00e1\u017ed\u011bn\u00e9 poko\u017eky, na kter\u00e9 se po holen\u00ed mohou objevovat i pup\u00ednky \u010di o\u0161kliv\u00e9 vyr\u00e1\u017eky.\u00a0A ano, ani mu\u017e\u016fm se nevyh\u00fdbaj\u00ed tak\u00e9 vr\u00e1sky. V pokro\u010dilej\u0161\u00edm v\u011bku je proto dobr\u00e9 myslet i na tuto pokro\u010dilou p\u00e9\u010di o ple\u0165. A ur\u010dit\u011b to nen\u00ed ostuda.\u00a0                                                                                                                                                                                                                                                                                                                                                                                                "},{"@context":"https:\/\/schema.org\/","@type":"BreadcrumbList","itemListElement":[{"@type":"ListItem","position":1,"name":"I mu\u017ei by m\u011bli pe\u010dovat o svou ple\u0165 &#8211; Co v\u0161echno by takov\u00e1 p\u00e9\u010de m\u011bla zahrnovat?","item":"https:\/\/www.gees.cz\/i-muzi-by-meli-pecovat-o-svou-plet-co-vsechno-by-takova-pece-mela-zahrnovat\/#breadcrumbitem"}]}]