[{"@context":"https:\/\/schema.org\/","@type":"Article","@id":"https:\/\/www.gees.cz\/chteli-byste-leto-cely-rok-my-vam-ho-zajistime\/#Article","mainEntityOfPage":"https:\/\/www.gees.cz\/chteli-byste-leto-cely-rok-my-vam-ho-zajistime\/","headline":"Cht\u011bli byste l\u00e9to cel\u00fd rok? My V\u00e1m ho zajist\u00edme","name":"Cht\u011bli byste l\u00e9to cel\u00fd rok? My V\u00e1m ho zajist\u00edme","description":"Milujete letn\u00ed obdob\u00ed a dlouhodob\u00e1 zima V\u00e1s ub\u00edj\u00ed? Na\u0161e spole\u010dnost se zab\u00fdv\u00e1 v\u00fdrobou a mont\u00e1\u017e\u00ed zimn\u00edch zahrad, kter\u00e9 V\u00e1m zajist\u00ed kr\u00e1sn\u011b zelenou p\u0159\u00edrodu po cel\u00fd rok. Je vyroben\u00e1 z vysoce kvalitn\u00edch materi\u00e1l\u016f a je v\u00fdborn\u011b tepeln\u011b izolovan\u00e1, proto vytv\u00e1\u0159\u00ed skv\u011bl\u00e9 prost\u0159ed\u00ed pro p\u011bstov\u00e1n\u00ed zelen\u011b i v chladn\u00e9m obdob\u00ed bez ohledu na v\u00fdkyvy po\u010das\u00ed. Posezen\u00ed v [&hellip;]","datePublished":"2024-11-16","dateModified":"2024-11-16","author":{"@type":"Person","@id":"https:\/\/www.gees.cz\/author\/#Person","name":"","url":"https:\/\/www.gees.cz\/author\/","identifier":1,"image":{"@type":"ImageObject","@id":"https:\/\/secure.gravatar.com\/avatar\/bbaa4e9a58aac4329fe0ade0f3fb816f09f0dc43c21f6e884dccfbc124b16b29?s=96&d=mm&r=g","url":"https:\/\/secure.gravatar.com\/avatar\/bbaa4e9a58aac4329fe0ade0f3fb816f09f0dc43c21f6e884dccfbc124b16b29?s=96&d=mm&r=g","height":96,"width":96}},"publisher":{"@type":"Organization","name":"gees.cz","logo":{"@type":"ImageObject","@id":"\/logo.png","url":"\/logo.png","width":600,"height":60}},"url":"https:\/\/www.gees.cz\/chteli-byste-leto-cely-rok-my-vam-ho-zajistime\/","wordCount":166,"articleBody":"Milujete letn\u00ed obdob\u00ed a dlouhodob\u00e1 zima V\u00e1s ub\u00edj\u00ed? Na\u0161e spole\u010dnost se zab\u00fdv\u00e1 v\u00fdrobou a mont\u00e1\u017e\u00ed zimn\u00edch zahrad, kter\u00e9 V\u00e1m zajist\u00ed kr\u00e1sn\u011b zelenou p\u0159\u00edrodu po cel\u00fd rok. Je vyroben\u00e1 z vysoce kvalitn\u00edch materi\u00e1l\u016f a je v\u00fdborn\u011b tepeln\u011b izolovan\u00e1, proto vytv\u00e1\u0159\u00ed skv\u011bl\u00e9 prost\u0159ed\u00ed pro p\u011bstov\u00e1n\u00ed zelen\u011b i v chladn\u00e9m obdob\u00ed bez ohledu na v\u00fdkyvy po\u010das\u00ed.\tPosezen\u00ed v mal\u00e9m r\u00e1jiVa\u0161e zimn\u00ed zahrada se stane novou nep\u0159ehl\u00e9dnutelnou m\u00edstnost\u00ed Va\u0161eho domu. Zde tr\u00e1v\u00edte ka\u017edodenn\u00ed odpo\u010dinek ve sv\u00e9m mal\u00e9m zelen\u00e9m r\u00e1ji. Nejeden \u010dlov\u011bk si ho vybavil kr\u00e1sn\u00fdm d\u0159ev\u011bn\u00fdm posezen\u00edm \u010di relaxa\u010dn\u00edm leh\u00e1tkem, aby byly dny str\u00e1ven\u00e9 v n\u011bm, co nejp\u0159\u00edjemn\u011bj\u0161\u00ed. Postavte si ji, roz\u0161\u00ed\u0159\u00edte d\u016fm o dal\u0161\u00ed pokoj, kter\u00fd si obl\u00edb\u00ed cel\u00e1 Va\u0161e rodinka i pozvan\u00ed p\u0159\u00e1tel\u00e9.                                                                                                                                                                                                                                                                                                                                                                                                "},{"@context":"https:\/\/schema.org\/","@type":"BreadcrumbList","itemListElement":[{"@type":"ListItem","position":1,"name":"Cht\u011bli byste l\u00e9to cel\u00fd rok? My V\u00e1m ho zajist\u00edme","item":"https:\/\/www.gees.cz\/chteli-byste-leto-cely-rok-my-vam-ho-zajistime\/#breadcrumbitem"}]}]